{"id":10059,"date":"2026-03-22T10:52:58","date_gmt":"2026-03-22T08:52:58","guid":{"rendered":"https:\/\/karjalantennis.fi\/wordpress\/?p=10059"},"modified":"2026-04-13T09:50:14","modified_gmt":"2026-04-13T06:50:14","slug":"luokka-sm-kilpailuista-mitaleja-kartelle","status":"publish","type":"post","link":"https:\/\/karjalantennis.fi\/wordpress\/luokka-sm-kilpailuista-mitaleja-kartelle\/","title":{"rendered":"22.3. Luokka SM-kilpailuista mitaleja KarTe:lle: Laine, Balk, Piiroinen&#8230;"},"content":{"rendered":"\n<p>KarTen pelaajille kolme SM-kultaa B-luokan SM-kilpailuissa \ud83d\udcaa<\/p>\n\n\n\n<p>Kaksinpeliss\u00e4 mestaruuden voitti Lassi Laine, joka ei h\u00e4vinnyt viidess\u00e4 pelaamassaan ottelussa er\u00e4\u00e4k\u00e4\u00e4n \ud83e\udd47 v\u00e4lieriss\u00e4 Lassi pudotti jatkosta seurakaverinsa Visa Balkin, joka nappasi kaksinpelist\u00e4 hienosti pronssisen mitalin \ud83e\udd49<\/p>\n\n\n\n<p>Nelinpeliss\u00e4 mestaruus matkasi kaksinpelin tapaan Joensuuhun, kun Balk ja Miko Piiroinen onnistuivat k\u00e4\u00e4nt\u00e4m\u00e4\u00e4n tiukan kolmier\u00e4isen finaalin itselleen ja saivat kaulaansa kultaiset SM-mitalit \ud83e\udd47ja lis\u00e4ksi Leevi Laine ja Niilo Purmonen ottivat \ud83e\udd49nelinpeliss\u00e4.<\/p>\n\n\n\n<p>Nelinpelikaavio: <a href=\"https:\/\/www.tennisassa.fi\/tournament\/94FB2484-B35D-4265-9CE3-B67A3F0FFAEC\/draw\/3\">https:\/\/www.tennisassa.fi\/tournament\/94FB2484-B35D-4265-9CE3-B67A3F0FFAEC\/draw\/3<\/a><\/p>\n\n\n\n<p>Kuvia: <a href=\"https:\/\/www.instagram.com\/p\/DWN71QdDBAm\/?igsh=aWZ5ZTc1enF2ZmNr\">https:\/\/www.instagram.com\/p\/DWN71QdDBAm\/?igsh=aWZ5ZTc1enF2ZmNr<\/a><\/p>\n\n\n\n<p>KarTe onnittelee mitalisteja! \ud83e\udd1d<\/p>\n","protected":false},"excerpt":{"rendered":"<p>KarTen pelaajille kolme SM-kultaa B-luokan SM-kilpailuissa \ud83d\udcaa Kaksinpeliss\u00e4 mestaruuden voitti Lassi Laine, joka ei h\u00e4vinnyt viidess\u00e4 pelaamassaan ottelussa er\u00e4\u00e4k\u00e4\u00e4n \ud83e\udd47 v\u00e4lieriss\u00e4 Lassi pudotti jatkosta seurakaverinsa Visa Balkin, joka nappasi kaksinpelist\u00e4 hienosti pronssisen mitalin \ud83e\udd49 Nelinpeliss\u00e4 mestaruus matkasi kaksinpelin tapaan Joensuuhun, kun Balk ja Miko Piiroinen onnistuivat k\u00e4\u00e4nt\u00e4m\u00e4\u00e4n tiukan kolmier\u00e4isen finaalin itselleen ja saivat kaulaansa kultaiset&#8230;<\/p>\n","protected":false},"author":101014,"featured_media":0,"comment_status":"closed","ping_status":"closed","sticky":false,"template":"","format":"standard","meta":{"_kad_post_transparent":"","_kad_post_title":"","_kad_post_layout":"","_kad_post_sidebar_id":"","_kad_post_content_style":"","_kad_post_vertical_padding":"","_kad_post_feature":"","_kad_post_feature_position":"","_kad_post_header":false,"_kad_post_footer":false,"_kad_post_classname":"","footnotes":""},"categories":[1],"tags":[],"class_list":["post-10059","post","type-post","status-publish","format-standard","hentry","category-uncategorized"],"_links":{"self":[{"href":"https:\/\/karjalantennis.fi\/wordpress\/wp-json\/wp\/v2\/posts\/10059","targetHints":{"allow":["GET"]}}],"collection":[{"href":"https:\/\/karjalantennis.fi\/wordpress\/wp-json\/wp\/v2\/posts"}],"about":[{"href":"https:\/\/karjalantennis.fi\/wordpress\/wp-json\/wp\/v2\/types\/post"}],"author":[{"embeddable":true,"href":"https:\/\/karjalantennis.fi\/wordpress\/wp-json\/wp\/v2\/users\/101014"}],"replies":[{"embeddable":true,"href":"https:\/\/karjalantennis.fi\/wordpress\/wp-json\/wp\/v2\/comments?post=10059"}],"version-history":[{"count":5,"href":"https:\/\/karjalantennis.fi\/wordpress\/wp-json\/wp\/v2\/posts\/10059\/revisions"}],"predecessor-version":[{"id":10105,"href":"https:\/\/karjalantennis.fi\/wordpress\/wp-json\/wp\/v2\/posts\/10059\/revisions\/10105"}],"wp:attachment":[{"href":"https:\/\/karjalantennis.fi\/wordpress\/wp-json\/wp\/v2\/media?parent=10059"}],"wp:term":[{"taxonomy":"category","embeddable":true,"href":"https:\/\/karjalantennis.fi\/wordpress\/wp-json\/wp\/v2\/categories?post=10059"},{"taxonomy":"post_tag","embeddable":true,"href":"https:\/\/karjalantennis.fi\/wordpress\/wp-json\/wp\/v2\/tags?post=10059"}],"curies":[{"name":"wp","href":"https:\/\/api.w.org\/{rel}","templated":true}]}}